{"id":26511,"date":"2024-12-22T13:48:52","date_gmt":"2024-12-22T12:48:52","guid":{"rendered":"https:\/\/rroma.org\/?p=26511"},"modified":"2024-12-22T13:49:02","modified_gmt":"2024-12-22T12:49:02","slug":"french-chronicle-299","status":"publish","type":"post","link":"https:\/\/rroma.org\/de\/french-chronicle-299\/","title":{"rendered":"French Chronicle \u2026"},"content":{"rendered":"<p style=\"font-weight: 400;\">Not much this week. A really bad news about a 23-year-old Rom who was arrested for reaping his 13 years old cousin that had been promised to him in marriage. The girl, from Romania, managed to escape and is now under protection. This is really bad as it enforces the stereotypes. Other than that, the extreme rightist Alain Soral who is being investigated for antisemitism is now also under investigations for rabid statements about Roma.<\/p>\n<ul>\n<li>Outre son antis\u00e9mitisme, Alain Soral est poursuivi pour racisme anti-Roms. In: News Daily. 19.12.2024. <a href=\"https:\/\/news.dayfr.com\/coronavirus\/amp\/4099789\">https:\/\/news.dayfr.com\/coronavirus\/amp\/4099789<\/a><\/li>\n<li>Grenoble\u00a0: un homme de 23 ans \u00e9crou\u00e9 apr\u00e8s avoir viol\u00e9 sa cousine de 13 ans qui lui avait \u00e9t\u00e9 promise en marriage. In: France Bleu. 21.12.2024. <a href=\"https:\/\/www.francebleu.fr\/infos\/faits-divers-justice\/grenoble-un-homme-de-23-ans-ecroue-apres-avoir-viole-sa-cousine-de-13-ans-qui-devait-se-marier-de-force-avec-lui-4506996\">https:\/\/www.francebleu.fr\/infos\/faits-divers-justice\/grenoble-un-homme-de-23-ans-ecroue-apres-avoir-viole-sa-cousine-de-13-ans-qui-devait-se-marier-de-force-avec-lui-4506996<\/a><\/li>\n<\/ul>","protected":false},"excerpt":{"rendered":"<p>Not much this week. A really bad news about a 23-year-old Rom who was arrested for reaping his 13 years [&hellip;]<\/p>\n","protected":false},"author":2,"featured_media":26513,"comment_status":"closed","ping_status":"closed","sticky":false,"template":"","format":"standard","meta":{"_exactmetrics_skip_tracking":false,"_exactmetrics_sitenote_active":false,"_exactmetrics_sitenote_note":"","_exactmetrics_sitenote_category":0,"fifu_image_url":"https:\/\/rroma.org\/wp-content\/uploads\/2024\/12\/1200x680_sc_vue-palais-de-justice-thomas.webp","fifu_image_alt":"","footnotes":""},"categories":[596,15],"tags":[686,133],"class_list":["post-26511","post","type-post","status-publish","format-standard","has-post-thumbnail","hentry","category-france","category-news-western-europe","tag-crime","tag-stereotypes"],"fifu_image_url":"https:\/\/rroma.org\/wp-content\/uploads\/2024\/12\/1200x680_sc_vue-palais-de-justice-thomas.webp","_links":{"self":[{"href":"https:\/\/rroma.org\/de\/wp-json\/wp\/v2\/posts\/26511","targetHints":{"allow":["GET"]}}],"collection":[{"href":"https:\/\/rroma.org\/de\/wp-json\/wp\/v2\/posts"}],"about":[{"href":"https:\/\/rroma.org\/de\/wp-json\/wp\/v2\/types\/post"}],"author":[{"embeddable":true,"href":"https:\/\/rroma.org\/de\/wp-json\/wp\/v2\/users\/2"}],"replies":[{"embeddable":true,"href":"https:\/\/rroma.org\/de\/wp-json\/wp\/v2\/comments?post=26511"}],"version-history":[{"count":1,"href":"https:\/\/rroma.org\/de\/wp-json\/wp\/v2\/posts\/26511\/revisions"}],"predecessor-version":[{"id":26514,"href":"https:\/\/rroma.org\/de\/wp-json\/wp\/v2\/posts\/26511\/revisions\/26514"}],"wp:featuredmedia":[{"embeddable":true,"href":"https:\/\/rroma.org\/de\/wp-json\/wp\/v2\/media\/26513"}],"wp:attachment":[{"href":"https:\/\/rroma.org\/de\/wp-json\/wp\/v2\/media?parent=26511"}],"wp:term":[{"taxonomy":"category","embeddable":true,"href":"https:\/\/rroma.org\/de\/wp-json\/wp\/v2\/categories?post=26511"},{"taxonomy":"post_tag","embeddable":true,"href":"https:\/\/rroma.org\/de\/wp-json\/wp\/v2\/tags?post=26511"}],"curies":[{"name":"wp","href":"https:\/\/api.w.org\/{rel}","templated":true}]}}