{"id":29528,"date":"2025-08-22T13:57:29","date_gmt":"2025-08-22T12:57:29","guid":{"rendered":"https:\/\/rroma.org\/?p=29528"},"modified":"2025-08-22T13:57:29","modified_gmt":"2025-08-22T12:57:29","slug":"pavel-slisko","status":"publish","type":"post","link":"https:\/\/rroma.org\/de\/pavel-slisko\/","title":{"rendered":"Pavel Sli\u0161ko"},"content":{"rendered":"<p style=\"font-weight: 400;\">On August 21, 2025, at the age of 51, Romani activist, proud Romani and good person Pavel Sli\u0161ko, whom we all knew as Pavel Krtek, left us forever. His passing saddened not only the Romani community in the Czech Republic and Slovakia, but also everyone who knew him.<\/p>\n<p style=\"font-weight: 400;\">May he rest in peace. Te ovel I phuv loki.<\/p>\n<ul>\n<li>Zem\u0159el romsk\u00fd aktivista Pavel Sli\u0161ko. V\u0161ichni ho znali jako Pavla Krtka. In: Romea. 21.08.2025. <a href=\"https:\/\/romea.cz\/cz\/domaci\/zemrel-romsky-aktivista-pavel-slisko-vsichni-ho-znali-jako-pavla-krtka#google_vignette\">https:\/\/romea.cz\/cz\/domaci\/zemrel-romsky-aktivista-pavel-slisko-vsichni-ho-znali-jako-pavla-krtka#google_vignette<\/a><\/li>\n<\/ul>","protected":false},"excerpt":{"rendered":"<p>On August 21, 2025, at the age of 51, Romani activist, proud Romani and good person Pavel Sli\u0161ko, whom we [&hellip;]<\/p>\n","protected":false},"author":2,"featured_media":29529,"comment_status":"closed","ping_status":"closed","sticky":false,"template":"","format":"standard","meta":{"_exactmetrics_skip_tracking":false,"_exactmetrics_sitenote_active":false,"_exactmetrics_sitenote_note":"","_exactmetrics_sitenote_category":0,"fifu_image_url":"https:\/\/rroma.org\/wp-content\/uploads\/2025\/08\/slisko-pavel.webp","fifu_image_alt":"","footnotes":""},"categories":[602,14],"tags":[815],"class_list":["post-29528","post","type-post","status-publish","format-standard","has-post-thumbnail","hentry","category-czech","category-news-eastern-europe","tag-activist"],"fifu_image_url":"https:\/\/rroma.org\/wp-content\/uploads\/2025\/08\/slisko-pavel.webp","_links":{"self":[{"href":"https:\/\/rroma.org\/de\/wp-json\/wp\/v2\/posts\/29528","targetHints":{"allow":["GET"]}}],"collection":[{"href":"https:\/\/rroma.org\/de\/wp-json\/wp\/v2\/posts"}],"about":[{"href":"https:\/\/rroma.org\/de\/wp-json\/wp\/v2\/types\/post"}],"author":[{"embeddable":true,"href":"https:\/\/rroma.org\/de\/wp-json\/wp\/v2\/users\/2"}],"replies":[{"embeddable":true,"href":"https:\/\/rroma.org\/de\/wp-json\/wp\/v2\/comments?post=29528"}],"version-history":[{"count":1,"href":"https:\/\/rroma.org\/de\/wp-json\/wp\/v2\/posts\/29528\/revisions"}],"predecessor-version":[{"id":29530,"href":"https:\/\/rroma.org\/de\/wp-json\/wp\/v2\/posts\/29528\/revisions\/29530"}],"wp:featuredmedia":[{"embeddable":true,"href":"https:\/\/rroma.org\/de\/wp-json\/wp\/v2\/media\/29529"}],"wp:attachment":[{"href":"https:\/\/rroma.org\/de\/wp-json\/wp\/v2\/media?parent=29528"}],"wp:term":[{"taxonomy":"category","embeddable":true,"href":"https:\/\/rroma.org\/de\/wp-json\/wp\/v2\/categories?post=29528"},{"taxonomy":"post_tag","embeddable":true,"href":"https:\/\/rroma.org\/de\/wp-json\/wp\/v2\/tags?post=29528"}],"curies":[{"name":"wp","href":"https:\/\/api.w.org\/{rel}","templated":true}]}}