{"id":34548,"date":"2026-08-29T16:08:21","date_gmt":"2026-08-29T15:08:21","guid":{"rendered":"https:\/\/rroma.org\/?p=34548"},"modified":"2026-08-29T16:08:21","modified_gmt":"2026-08-29T15:08:21","slug":"slovak-history","status":"publish","type":"post","link":"https:\/\/rroma.org\/de\/slovak-history\/","title":{"rendered":"Slovak History"},"content":{"rendered":"<p style=\"font-weight: 400;\">Vera Lackov\u00e1, a young filmmaker, is producing a documentary about the participation of Slovak Roma in the Slovak National Uprising against fascism, highlighting historical manipulation of their role during socialism.<\/p>\n<p style=\"font-weight: 400;\">The film addresses the overlooked Roma Holocaust and challenges stereotypes about Roma people, emphasizing their contributions to the fight for freedom.<\/p>\n<p style=\"font-weight: 400;\">Lackov\u00e1 shares personal family history related to the impact of fascism and discusses contemporary latent racism faced by the Roma community.<\/p>\n<ul>\n<li>Pre\u010do huslista viac nedok\u00e1zal hra\u0165 na husliach? Zavra\u017edili mu man\u017eelku a dve mal\u00e9 deti. In: STVR. 28.08.2026. <a href=\"https:\/\/www.stvr.sk\/novinky\/filmy-a-serialy\/458329\/preco-huslista-viac-nedokazal-hrat-na-husliach-zavrazdili-mu-manzelku-a-dve-male-deti\">https:\/\/www.stvr.sk\/novinky\/filmy-a-serialy\/458329\/preco-huslista-viac-nedokazal-hrat-na-husliach-zavrazdili-mu-manzelku-a-dve-male-deti<\/a><\/li>\n<\/ul>","protected":false},"excerpt":{"rendered":"<p>Vera Lackov\u00e1, a young filmmaker, is producing a documentary about the participation of Slovak Roma in the Slovak National Uprising [&hellip;]<\/p>\n","protected":false},"author":2,"featured_media":34549,"comment_status":"closed","ping_status":"closed","sticky":false,"template":"","format":"standard","meta":{"_exactmetrics_skip_tracking":false,"fifu_image_url":"","fifu_image_alt":"","footnotes":""},"categories":[14,598],"tags":[921,697],"class_list":["post-34548","post","type-post","status-publish","format-standard","has-post-thumbnail","hentry","category-news-eastern-europe","category-slovakia","tag-documentary","tag-history"],"fifu_image_url":"https:\/\/rroma.org\/wp-content\/uploads\/2026\/08\/reziserka-vera-lackova-fb.webp","_links":{"self":[{"href":"https:\/\/rroma.org\/de\/wp-json\/wp\/v2\/posts\/34548","targetHints":{"allow":["GET"]}}],"collection":[{"href":"https:\/\/rroma.org\/de\/wp-json\/wp\/v2\/posts"}],"about":[{"href":"https:\/\/rroma.org\/de\/wp-json\/wp\/v2\/types\/post"}],"author":[{"embeddable":true,"href":"https:\/\/rroma.org\/de\/wp-json\/wp\/v2\/users\/2"}],"replies":[{"embeddable":true,"href":"https:\/\/rroma.org\/de\/wp-json\/wp\/v2\/comments?post=34548"}],"version-history":[{"count":1,"href":"https:\/\/rroma.org\/de\/wp-json\/wp\/v2\/posts\/34548\/revisions"}],"predecessor-version":[{"id":34550,"href":"https:\/\/rroma.org\/de\/wp-json\/wp\/v2\/posts\/34548\/revisions\/34550"}],"wp:featuredmedia":[{"embeddable":true,"href":"https:\/\/rroma.org\/de\/wp-json\/wp\/v2\/media\/34549"}],"wp:attachment":[{"href":"https:\/\/rroma.org\/de\/wp-json\/wp\/v2\/media?parent=34548"}],"wp:term":[{"taxonomy":"category","embeddable":true,"href":"https:\/\/rroma.org\/de\/wp-json\/wp\/v2\/categories?post=34548"},{"taxonomy":"post_tag","embeddable":true,"href":"https:\/\/rroma.org\/de\/wp-json\/wp\/v2\/tags?post=34548"}],"curies":[{"name":"wp","href":"https:\/\/api.w.org\/{rel}","templated":true}]}}