{"id":1389,"date":"2013-12-06T01:00:00","date_gmt":"2013-12-06T01:00:00","guid":{"rendered":"http:\/\/%20rroma.org\/06-12-2013-the-rroma-and-the-european-free-movement-of-persons\/"},"modified":"2022-07-26T13:57:50","modified_gmt":"2022-07-26T12:57:50","slug":"06-12-2013-the-rroma-and-the-european-free-movement-of-persons","status":"publish","type":"post","link":"https:\/\/rroma.org\/fr\/06-12-2013-the-rroma-and-the-european-free-movement-of-persons\/","title":{"rendered":"06.12.2013 The Rroma and the European Free Movement of Persons"},"content":{"rendered":"<p class=\"MsoNormal\">The \t\t\t\t\t\t\t\t\t\t\tCentral Council of German Sinti and Roma criticized the agreement of EU \t\t\t\t\t\t\t\t\t\t\tinterior ministers to curb the free movement of persons in the EU. The European \t\t\t\t\t\t\t\t\t\t\tInterior Ministers have agreed this week to reduce the allowances for needy \t\t\t\t\t\t\t\t\t\t\timmigrants and, where appropriate, again can introduce a visa duty to restrict \t\t\t\t\t\t\t\t\t\t\tlarger migration flows from South East Europe (Handelsblatt, 2013). The curb on \t\t\t\t\t\t\t\t\t\t\tmigration within the EU will not solve any problems, but freeze and uphold the \t\t\t\t\t\t\t\t\t\t\tdependency structures and injustice among the States. There is also no denying \t\t\t\t\t\t\t\t\t\t\tthat the exclusion of Rroma is practiced more in some countries than in others.<\/p>\n<p class=\"MsoNormal\">The \t\t\t\t\t\t\t\t\t\t\tGerman towns President Ulrich Maly asked meanwhile for more tolerance towards \t\t\t\t\t\t\t\t\t\t\timmigrants and appealed to the historical responsibility of Germany towards the \t\t\t\t\t\t\t\t\t\t\tminority of the Rroma (Unternehmen-Heute 2013).<\/p>\n<p class=\"MsoNormal\">B\u00f6hm \t\t\t\t\t\t\t\t\t\t\t(2013) meanwhile suggests that a veritable \u201ccompetitive repression\u201d \u00a0against Rroma is taking place. Western \t\t\t\t\t\t\t\t\t\t\tEuropean countries such as France, Germany, or the UK up each others on \t\t\t\t\t\t\t\t\t\t\tmeasures aimed at wanting to limit immigration from Romania and Bulgaria. The \t\t\t\t\t\t\t\t\t\t\twidespread exclusion of Rroma, which only make the migration necessary and the \t\t\t\t\t\t\t\t\t\t\treal problem is usually ignored. Instead, virtually all immigrants from \t\t\t\t\t\t\t\t\t\t\tSoutheast Europe are collectively identified as poverty immigrants and thus as \t\t\t\t\t\t\t\t\t\t\tmigrants, who apart from their poverty have no real reason for asylum (20 Minuten, \t\t\t\t\t\t\t\t\t\t\t2013). Furthermore one often forgets that the assessments of the security of countries \t\t\t\t\t\t\t\t\t\t\tdone by the states to assess the discrimination of minorities such as the Rroma \t\t\t\t\t\t\t\t\t\t\tare often inadequate or euphemistic, especially if the analysis comes from the \t\t\t\t\t\t\t\t\t\t\tcountries themselves. To declare the immigrants from South East Europe broadly \t\t\t\t\t\t\t\t\t\t\tas poverty immigrants ignores real practices of exclusion that are not looked \t\t\t\t\t\t\t\t\t\t\tat by these country assessments. \u00a0\u00a0\u00a0<\/p>\n<ul>\n<li>20 Minuten (2013) EU erlaubt Visa-Pflicht \t\t\t\t\t\t\t\t\t\t\tf\u00fcr Balkanstaaten. In: <em style=\"font-family: Arial;\">20 Minuten online<\/em> \t\t\t\t\t\t\t\t\t\t\tvom 5.12.2013.\u00a0 <a href=\"http:\/\/www.20min.ch\/ausland\/news\/story\/EU-erlaubt-Visa-Pflicht-fuer-Balkanstaaten-24224260\" style=\"font-family: Arial;\">http:\/\/www.20min.ch\/ausland\/news\/story\/EU-erlaubt-Visa-Pflicht-fuer-Balkanstaaten-24224260<\/a><\/li>\n<li>B\u00f6hm, Wolfgang (2013) Die verleugnete Angst vor \t\t\t\t\t\t\t\t\t\t\tRoma. In: <em style=\"font-family: Arial;\">Die Presse online<\/em> vom \t\t\t\t\t\t\t\t\t\t\t5.12.2013.\u00a0 <a href=\"http:\/\/diepresse.com\/home\/meinung\/kommentare\/1494368\/Die-verleugnete-Angst-vor-Roma\" style=\"font-family: Arial;\">http:\/\/diepresse.com\/home\/meinung\/kommentare\/1494368\/Die-verleugnete-Angst-vor-Roma<\/a><\/li>\n<li>Handelsblatt (2013) Kritik von Sinti und \t\t\t\t\t\t\t\t\t\t\tRoma. In: <em style=\"font-family: Arial;\">Handlesblatt online<\/em> vom \t\t\t\t\t\t\t\t\t\t\t6.12.2013.\u00a0 <a href=\"http:\/\/www.handelsblatt.com\/politik\/international\/freizuegigkeit-kritik-von-sinti-und-roma\/9180960.html\" style=\"font-family: Arial;\">http:\/\/www.handelsblatt.com\/politik\/international\/freizuegigkeit-kritik-von-sinti-und-roma\/9180960.html<\/a><\/li>\n<li>Unternehmen-Heute (2013) St\u00e4dtetagspr\u00e4sident \t\t\t\t\t\t\t\t\t\t\tf\u00fcr gro\u00dfz\u00fcgigen Umgang mit Roma. In: <em style=\"font-family: Arial;\">Unternehmen-Heute \t\t\t\t\t\t\t\t\t\t\tonline <\/em>vom 4.12.2013.\u00a0 <a href=\"http:\/\/unternehmen-heute.de\/news.php?newsid=206362\" style=\"font-family: Arial;\">http:\/\/unternehmen-heute.de\/news.php?newsid=20636<\/a><\/li>\n<\/ul>","protected":false},"excerpt":{"rendered":"<p>The Central Council of German Sinti and Roma criticized the agreement of EU interior ministers to curb the free movement [&hellip;]<\/p>\n","protected":false},"author":1,"featured_media":0,"comment_status":"closed","ping_status":"closed","sticky":false,"template":"","format":"standard","meta":{"_exactmetrics_skip_tracking":false,"_exactmetrics_sitenote_active":false,"_exactmetrics_sitenote_note":"","_exactmetrics_sitenote_category":0,"fifu_image_url":"","fifu_image_alt":"","footnotes":""},"categories":[601,596,597,14,15,605],"tags":[92,63,24,23,133],"class_list":["post-1389","post","type-post","status-publish","format-standard","hentry","category-bulgaria","category-france","category-germany","category-news-eastern-europe","category-news-western-europe","category-romania","tag-discrimination","tag-racism","tag-roma","tag-rroma","tag-stereotypes"],"_links":{"self":[{"href":"https:\/\/rroma.org\/fr\/wp-json\/wp\/v2\/posts\/1389","targetHints":{"allow":["GET"]}}],"collection":[{"href":"https:\/\/rroma.org\/fr\/wp-json\/wp\/v2\/posts"}],"about":[{"href":"https:\/\/rroma.org\/fr\/wp-json\/wp\/v2\/types\/post"}],"author":[{"embeddable":true,"href":"https:\/\/rroma.org\/fr\/wp-json\/wp\/v2\/users\/1"}],"replies":[{"embeddable":true,"href":"https:\/\/rroma.org\/fr\/wp-json\/wp\/v2\/comments?post=1389"}],"version-history":[{"count":1,"href":"https:\/\/rroma.org\/fr\/wp-json\/wp\/v2\/posts\/1389\/revisions"}],"predecessor-version":[{"id":11091,"href":"https:\/\/rroma.org\/fr\/wp-json\/wp\/v2\/posts\/1389\/revisions\/11091"}],"wp:attachment":[{"href":"https:\/\/rroma.org\/fr\/wp-json\/wp\/v2\/media?parent=1389"}],"wp:term":[{"taxonomy":"category","embeddable":true,"href":"https:\/\/rroma.org\/fr\/wp-json\/wp\/v2\/categories?post=1389"},{"taxonomy":"post_tag","embeddable":true,"href":"https:\/\/rroma.org\/fr\/wp-json\/wp\/v2\/tags?post=1389"}],"curies":[{"name":"wp","href":"https:\/\/api.w.org\/{rel}","templated":true}]}}