{"id":14998,"date":"2022-08-03T07:21:08","date_gmt":"2022-08-03T06:21:08","guid":{"rendered":"https:\/\/rroma.org\/?p=14998"},"modified":"2022-08-08T12:52:25","modified_gmt":"2022-08-08T11:52:25","slug":"roma-holocaust-remembrance-croatia","status":"publish","type":"post","link":"https:\/\/rroma.org\/fr\/roma-holocaust-remembrance-croatia\/","title":{"rendered":"Roma Holocaust Remembrance: Croatia"},"content":{"rendered":"<p style=\"font-weight: 400;\">Croatia commemorated the Roma Holocaust on August 2<sup>nd<\/sup>. This commemoration is always controversial due to the rehabilitation of several Croatians Usta\u0161a. The Fascist Croatian regime effectively killed near ALL Croatian Roma in World War Two, a fact that they currently prefer to ignore.<\/p>\n<ul>\n<li>[VIDEO\/FOTO] Me\u0111unarodni dan sje\u0107anja na romske \u017ertve genocida. Mesi\u0107: Nadam se da \u0107e se Milanovi\u0107 ispri\u010dati Romima. In: TPortal. 02.08.2022. <a href=\"https:\/\/www.tportal.hr\/vijesti\/clanak\/medunarodni-dan-sjecanja-na-romske-zrtve-genocida-mesic-nadam-se-da-ce-se-milanovic-ispricati-foto-20220802\">https:\/\/www.tportal.hr\/vijesti\/clanak\/medunarodni-dan-sjecanja-na-romske-zrtve-genocida-mesic-nadam-se-da-ce-se-milanovic-ispricati-foto-20220802<\/a><\/li>\n<li>Me\u0111unarodni dan sje\u0107anja na romske \u017ertve genocida u 2. svjetskom ratu. In: HRT. 02.08.2022. <a href=\"https:\/\/vijesti.hrt.hr\/hrvatska\/medunarodni-dan-sjecanja-na-romske-zrtve-genocida-u-drugome-svjetskom-ratu-8827065\">https:\/\/vijesti.hrt.hr\/hrvatska\/medunarodni-dan-sjecanja-na-romske-zrtve-genocida-u-drugome-svjetskom-ratu-8827065<\/a><\/li>\n<li>U Hrvatskoj se obele\u017eava Me\u0111unarodni dan se\u0107anja na romske \u017ertve genocida u 2. svetskom ratu. In: Danas. 02.08.2022. <a href=\"https:\/\/www.danas.rs\/svet\/region\/u-hrvatskoj-se-obelezava-medjunarodni-dan-secanja-na-romske-zrtve-genocida-u-2-svetskom-ratu\/\">https:\/\/www.danas.rs\/svet\/region\/u-hrvatskoj-se-obelezava-medjunarodni-dan-secanja-na-romske-zrtve-genocida-u-2-svetskom-ratu\/<\/a><\/li>\n<\/ul>\n","protected":false},"excerpt":{"rendered":"<p>Croatia commemorated the Roma Holocaust on August 2nd. This commemoration is always controversial due to the rehabilitation of several Croatians [&hellip;]<\/p>\n","protected":false},"author":2,"featured_media":0,"comment_status":"closed","ping_status":"closed","sticky":false,"template":"","format":"standard","meta":{"_exactmetrics_skip_tracking":false,"_exactmetrics_sitenote_active":false,"_exactmetrics_sitenote_note":"","_exactmetrics_sitenote_category":0,"fifu_image_url":"https:\/\/www.tportal.hr\/media\/thumbnail\/900x540\/1763617.jpeg?cropId=2182937","fifu_image_alt":"","footnotes":""},"categories":[610,14],"tags":[633,124],"class_list":["post-14998","post","type-post","status-publish","format-standard","hentry","category-croatia","category-news-eastern-europe","tag-genocide","tag-holocaust"],"fifu_image_url":"https:\/\/www.tportal.hr\/media\/thumbnail\/900x540\/1763617.jpeg?cropId=2182937","_links":{"self":[{"href":"https:\/\/rroma.org\/fr\/wp-json\/wp\/v2\/posts\/14998","targetHints":{"allow":["GET"]}}],"collection":[{"href":"https:\/\/rroma.org\/fr\/wp-json\/wp\/v2\/posts"}],"about":[{"href":"https:\/\/rroma.org\/fr\/wp-json\/wp\/v2\/types\/post"}],"author":[{"embeddable":true,"href":"https:\/\/rroma.org\/fr\/wp-json\/wp\/v2\/users\/2"}],"replies":[{"embeddable":true,"href":"https:\/\/rroma.org\/fr\/wp-json\/wp\/v2\/comments?post=14998"}],"version-history":[{"count":2,"href":"https:\/\/rroma.org\/fr\/wp-json\/wp\/v2\/posts\/14998\/revisions"}],"predecessor-version":[{"id":17151,"href":"https:\/\/rroma.org\/fr\/wp-json\/wp\/v2\/posts\/14998\/revisions\/17151"}],"wp:attachment":[{"href":"https:\/\/rroma.org\/fr\/wp-json\/wp\/v2\/media?parent=14998"}],"wp:term":[{"taxonomy":"category","embeddable":true,"href":"https:\/\/rroma.org\/fr\/wp-json\/wp\/v2\/categories?post=14998"},{"taxonomy":"post_tag","embeddable":true,"href":"https:\/\/rroma.org\/fr\/wp-json\/wp\/v2\/tags?post=14998"}],"curies":[{"name":"wp","href":"https:\/\/api.w.org\/{rel}","templated":true}]}}