{"id":21598,"date":"2023-09-09T07:39:40","date_gmt":"2023-09-09T06:39:40","guid":{"rendered":"https:\/\/rroma.org\/?p=21598"},"modified":"2023-09-09T07:40:46","modified_gmt":"2023-09-09T06:40:46","slug":"zdenek-godla-3","status":"publish","type":"post","link":"https:\/\/rroma.org\/fr\/zdenek-godla-3\/","title":{"rendered":"Zden\u011bk Godla"},"content":{"rendered":"<p style=\"font-weight: 400;\">The Czech Roma actor Zden\u011bk Godla has announced he will quit acting. He got into acting by accident: He worked as a public works worker in Chomutov, where the audition was taking place. He participated, won, and since then has been an actor who often appears in films and series. His most famous works include, for example, the character Franti\u0161ek from the series Most.<\/p>\n<p style=\"font-weight: 400;\">Apparently, he is also in financial trouble, something that may have to do with his current decision.<\/p>\n<ul>\n<li><a href=\"https:\/\/vipshow.cz\/nejnovejsi-zpravy\/zdenek-godla-se-rozhodl-skoncit-s-herectvim-herec-nejsem-a-nikdy-nebudu\/ivonasabikova\/\">Zden\u011bk Godla se rozhodl skon\u010dit s herectv\u00edm! \u201eHerec nejsem a nikdy nebudu.\u201c<\/a> In: VIP Show. 08.09.2023. <a href=\"https:\/\/vipshow.cz\/nejnovejsi-zpravy\/zdenek-godla-se-rozhodl-skoncit-s-herectvim-herec-nejsem-a-nikdy-nebudu\/ivonasabikova\/\">https:\/\/vipshow.cz\/nejnovejsi-zpravy\/zdenek-godla-se-rozhodl-skoncit-s-herectvim-herec-nejsem-a-nikdy-nebudu\/ivonasabikova\/<\/a><\/li>\n<\/ul>","protected":false},"excerpt":{"rendered":"<p>The Czech Roma actor Zden\u011bk Godla has announced he will quit acting. He got into acting by accident: He worked [&hellip;]<\/p>\n","protected":false},"author":2,"featured_media":0,"comment_status":"closed","ping_status":"closed","sticky":false,"template":"","format":"standard","meta":{"_exactmetrics_skip_tracking":false,"_exactmetrics_sitenote_active":false,"_exactmetrics_sitenote_note":"","_exactmetrics_sitenote_category":0,"fifu_image_url":"https:\/\/rroma.org\/wp-content\/uploads\/2023\/09\/9562-zdenek-godla-1536x1152.jpg.webp","fifu_image_alt":"","footnotes":""},"categories":[602,14],"tags":[211],"class_list":["post-21598","post","type-post","status-publish","format-standard","hentry","category-czech","category-news-eastern-europe","tag-movie"],"fifu_image_url":"https:\/\/rroma.org\/wp-content\/uploads\/2023\/09\/9562-zdenek-godla-1536x1152.jpg.webp","_links":{"self":[{"href":"https:\/\/rroma.org\/fr\/wp-json\/wp\/v2\/posts\/21598","targetHints":{"allow":["GET"]}}],"collection":[{"href":"https:\/\/rroma.org\/fr\/wp-json\/wp\/v2\/posts"}],"about":[{"href":"https:\/\/rroma.org\/fr\/wp-json\/wp\/v2\/types\/post"}],"author":[{"embeddable":true,"href":"https:\/\/rroma.org\/fr\/wp-json\/wp\/v2\/users\/2"}],"replies":[{"embeddable":true,"href":"https:\/\/rroma.org\/fr\/wp-json\/wp\/v2\/comments?post=21598"}],"version-history":[{"count":1,"href":"https:\/\/rroma.org\/fr\/wp-json\/wp\/v2\/posts\/21598\/revisions"}],"predecessor-version":[{"id":21599,"href":"https:\/\/rroma.org\/fr\/wp-json\/wp\/v2\/posts\/21598\/revisions\/21599"}],"wp:attachment":[{"href":"https:\/\/rroma.org\/fr\/wp-json\/wp\/v2\/media?parent=21598"}],"wp:term":[{"taxonomy":"category","embeddable":true,"href":"https:\/\/rroma.org\/fr\/wp-json\/wp\/v2\/categories?post=21598"},{"taxonomy":"post_tag","embeddable":true,"href":"https:\/\/rroma.org\/fr\/wp-json\/wp\/v2\/tags?post=21598"}],"curies":[{"name":"wp","href":"https:\/\/api.w.org\/{rel}","templated":true}]}}