{"id":24391,"date":"2024-07-03T08:54:05","date_gmt":"2024-07-03T07:54:05","guid":{"rendered":"https:\/\/rroma.org\/?p=24391"},"modified":"2024-07-03T08:54:05","modified_gmt":"2024-07-03T07:54:05","slug":"slovakia-and-belgium-spot-the-difference","status":"publish","type":"post","link":"https:\/\/rroma.org\/fr\/slovakia-and-belgium-spot-the-difference\/","title":{"rendered":"Slovakia and Belgium: Spot the Difference"},"content":{"rendered":"<p style=\"font-weight: 400;\">On Slovak TV, they are wondering why Slovak Roma in Belgium all work, whereas in Slovakia, this is not the case.<\/p>\n<p style=\"font-weight: 400;\">Well, it has to do with the prejudices of the employers \u2026<\/p>\n<ul style=\"font-weight: 400;\">\n<li>Ako zapoji\u0165 R\u00f3mov do pracovn\u00e9ho procesu? To, \u010do sa na Slovensku desa\u0165ro\u010dia nedar\u00ed, v Belgicku zvl\u00e1dli. In: TV Noviny. 02.07.2024. <a href=\"https:\/\/tvnoviny.sk\/zahranicne\/clanok\/909392-ako-zapojit-romov-do-pracovneho-procesu-to-co-sa-na-slovensku-desatrocia-nedari-v-belgicku-zvladli?campaignsrc=tn_clipboard\">https:\/\/tvnoviny.sk\/zahranicne\/clanok\/909392-ako-zapojit-romov-do-pracovneho-procesu-to-co-sa-na-slovensku-desatrocia-nedari-v-belgicku-zvladli?campaignsrc=tn_clipboard<\/a><\/li>\n<\/ul>","protected":false},"excerpt":{"rendered":"<p>On Slovak TV, they are wondering why Slovak Roma in Belgium all work, whereas in Slovakia, this is not the [&hellip;]<\/p>\n","protected":false},"author":2,"featured_media":0,"comment_status":"closed","ping_status":"closed","sticky":false,"template":"","format":"standard","meta":{"_exactmetrics_skip_tracking":false,"_exactmetrics_sitenote_active":false,"_exactmetrics_sitenote_note":"","_exactmetrics_sitenote_category":0,"fifu_image_url":"https:\/\/rroma.org\/wp-content\/uploads\/2024\/07\/Screenshot-2024-07-03-at-09.51.12.png","fifu_image_alt":"","footnotes":""},"categories":[604,14,15,598],"tags":[92,679],"class_list":["post-24391","post","type-post","status-publish","format-standard","hentry","category-belgium","category-news-eastern-europe","category-news-western-europe","category-slovakia","tag-discrimination","tag-work"],"fifu_image_url":"https:\/\/rroma.org\/wp-content\/uploads\/2024\/07\/Screenshot-2024-07-03-at-09.51.12.png","_links":{"self":[{"href":"https:\/\/rroma.org\/fr\/wp-json\/wp\/v2\/posts\/24391","targetHints":{"allow":["GET"]}}],"collection":[{"href":"https:\/\/rroma.org\/fr\/wp-json\/wp\/v2\/posts"}],"about":[{"href":"https:\/\/rroma.org\/fr\/wp-json\/wp\/v2\/types\/post"}],"author":[{"embeddable":true,"href":"https:\/\/rroma.org\/fr\/wp-json\/wp\/v2\/users\/2"}],"replies":[{"embeddable":true,"href":"https:\/\/rroma.org\/fr\/wp-json\/wp\/v2\/comments?post=24391"}],"version-history":[{"count":1,"href":"https:\/\/rroma.org\/fr\/wp-json\/wp\/v2\/posts\/24391\/revisions"}],"predecessor-version":[{"id":24395,"href":"https:\/\/rroma.org\/fr\/wp-json\/wp\/v2\/posts\/24391\/revisions\/24395"}],"wp:attachment":[{"href":"https:\/\/rroma.org\/fr\/wp-json\/wp\/v2\/media?parent=24391"}],"wp:term":[{"taxonomy":"category","embeddable":true,"href":"https:\/\/rroma.org\/fr\/wp-json\/wp\/v2\/categories?post=24391"},{"taxonomy":"post_tag","embeddable":true,"href":"https:\/\/rroma.org\/fr\/wp-json\/wp\/v2\/tags?post=24391"}],"curies":[{"name":"wp","href":"https:\/\/api.w.org\/{rel}","templated":true}]}}