{"id":25036,"date":"2024-09-04T09:50:14","date_gmt":"2024-09-04T08:50:14","guid":{"rendered":"https:\/\/rroma.org\/?p=25036"},"modified":"2024-09-04T09:50:14","modified_gmt":"2024-09-04T08:50:14","slug":"slovenia-crime-and-politics","status":"publish","type":"post","link":"https:\/\/rroma.org\/fr\/slovenia-crime-and-politics\/","title":{"rendered":"Slovenia, Crime, and Politics"},"content":{"rendered":"<p style=\"font-weight: 400;\">The Minister of Internal Affairs, Bo\u0161tjan Poklukar, met with representatives of the regional civil initiative for solving the Roma issue from Novi Mesto, Ko\u010devje, Bre\u017eice, Grosuplje, \u0160entjernej and \u0160kocjan. After the meeting, Poklukar said that the meeting was constructive and that he was happy about the dialogue, while the representative of the civil initiative Novo mesto Silvo Mesojedec expressed several criticisms of the inaction of all Slovenian governments so far and announced the escalation of activities.<\/p>\n<ul style=\"font-weight: 400;\">\n<li>Poklukar o romski problematiki: Sli\u0161ali smo tudi kak\u0161no krepko na ra\u010dun policije #video. In: Siol. 03.09.2024. <a href=\"https:\/\/siol.net\/novice\/slovenija\/v-zivo-minister-poklukar-o-resevanju-romske-problematike-video-642902\">https:\/\/siol.net\/novice\/slovenija\/v-zivo-minister-poklukar-o-resevanju-romske-problematike-video-642902<\/a><\/li>\n<li>\u0160entjernej: Notranji minister in direktor policije o varnostni situaciji in romski problematiki. In: Moja Dolenjska. 04.09.2024. <a href=\"https:\/\/moja-dolenjska.si\/sentjernej-notranji-minister-in-direktor-policije-o-varnostni-situaciji-in-romski-problematiki\/\">https:\/\/moja-dolenjska.si\/sentjernej-notranji-minister-in-direktor-policije-o-varnostni-situaciji-in-romski-problematiki\/<\/a><\/li>\n<\/ul>","protected":false},"excerpt":{"rendered":"<p>The Minister of Internal Affairs, Bo\u0161tjan Poklukar, met with representatives of the regional civil initiative for solving the Roma issue [&hellip;]<\/p>\n","protected":false},"author":2,"featured_media":0,"comment_status":"closed","ping_status":"closed","sticky":false,"template":"","format":"standard","meta":{"_exactmetrics_skip_tracking":false,"_exactmetrics_sitenote_active":false,"_exactmetrics_sitenote_note":"","_exactmetrics_sitenote_category":0,"fifu_image_url":"https:\/\/moja-dolenjska.si\/wp-content\/uploads\/sites\/8\/2024\/08\/poklukar-jusic-1536x1022.jpeg","fifu_image_alt":"","footnotes":""},"categories":[1],"tags":[91],"class_list":["post-25036","post","type-post","status-publish","format-standard","hentry","category-uncategorized","tag-politics"],"fifu_image_url":"https:\/\/moja-dolenjska.si\/wp-content\/uploads\/sites\/8\/2024\/08\/poklukar-jusic-1536x1022.jpeg","_links":{"self":[{"href":"https:\/\/rroma.org\/fr\/wp-json\/wp\/v2\/posts\/25036","targetHints":{"allow":["GET"]}}],"collection":[{"href":"https:\/\/rroma.org\/fr\/wp-json\/wp\/v2\/posts"}],"about":[{"href":"https:\/\/rroma.org\/fr\/wp-json\/wp\/v2\/types\/post"}],"author":[{"embeddable":true,"href":"https:\/\/rroma.org\/fr\/wp-json\/wp\/v2\/users\/2"}],"replies":[{"embeddable":true,"href":"https:\/\/rroma.org\/fr\/wp-json\/wp\/v2\/comments?post=25036"}],"version-history":[{"count":1,"href":"https:\/\/rroma.org\/fr\/wp-json\/wp\/v2\/posts\/25036\/revisions"}],"predecessor-version":[{"id":25038,"href":"https:\/\/rroma.org\/fr\/wp-json\/wp\/v2\/posts\/25036\/revisions\/25038"}],"wp:attachment":[{"href":"https:\/\/rroma.org\/fr\/wp-json\/wp\/v2\/media?parent=25036"}],"wp:term":[{"taxonomy":"category","embeddable":true,"href":"https:\/\/rroma.org\/fr\/wp-json\/wp\/v2\/categories?post=25036"},{"taxonomy":"post_tag","embeddable":true,"href":"https:\/\/rroma.org\/fr\/wp-json\/wp\/v2\/tags?post=25036"}],"curies":[{"name":"wp","href":"https:\/\/api.w.org\/{rel}","templated":true}]}}