{"id":25714,"date":"2024-11-11T09:49:31","date_gmt":"2024-11-11T08:49:31","guid":{"rendered":"https:\/\/rroma.org\/?p=25714"},"modified":"2024-12-17T14:17:25","modified_gmt":"2024-12-17T13:17:25","slug":"czechia-attack-and-manifestation","status":"publish","type":"post","link":"https:\/\/rroma.org\/fr\/czechia-attack-and-manifestation\/","title":{"rendered":"Czechia: Attack and Manifestation"},"content":{"rendered":"<p style=\"font-weight: 400;\">Several dozen Roma gathered on the square in N\u00e1chod on Saturday afternoon. According to representatives of the Roma association N\u00e1chod, the reason for convening the assembly was growing security concerns. Tensions have risen in the community following an incident last weekend in which a young Rom was assaulted.<\/p>\n<p style=\"font-weight: 400;\">The gathering, is meant to draw attention to the growing concerns of Roma about their safety in the city.<\/p>\n<p style=\"font-weight: 400;\">The grandmother of the attacked young man spoke at the meeting. &#8220;Hopefully it won&#8217;t happen again,&#8221; she said. She added that she was worried about the safety of Roma children.<\/p>\n<ul>\n<li>Romov\u00e9 demonstrovali v\u00a0N\u00e1chod\u011b, boj\u00ed se o\u00a0svou bezpe\u010dnost. In: Novinky. 09.11.2024. <a href=\"https:\/\/www.novinky.cz\/clanek\/domaci-romove-demonstrovali-v-nachode-boji-se-o-svou-bezpecnost-40496644\">https:\/\/www.novinky.cz\/clanek\/domaci-romove-demonstrovali-v-nachode-boji-se-o-svou-bezpecnost-40496644<\/a><\/li>\n<li>Romov\u00e9 v N\u00e1chod\u011b demonstrovali za bezpe\u010dnost, shrom\u00e1\u017ed\u011bn\u00ed bylo bez incident. In: \u010ceske Noviny. 09.11.2024. <a href=\"https:\/\/www.ceskenoviny.cz\/zpravy\/2593663\">https:\/\/www.ceskenoviny.cz\/zpravy\/2593663<\/a><\/li>\n<li>Romov\u00e9 na shrom\u00e1\u017ed\u011bn\u00ed v N\u00e1chod\u011b: Chceme bezpe\u010d\u00ed a klid pro na\u0161e d\u011bti i cel\u00e9 m\u011bsto, nejsme proti Ukrajinc\u016fm. In: Romea. 09.11.2024. <a href=\"https:\/\/romea.cz\/cz\/domaci\/romove-na-shromazdeni-v-nachode-chceme-bezpeci-a-klid-pro-nase-deti-i-cele-mesto-nejsme-proti-ukrajincum\">https:\/\/romea.cz\/cz\/domaci\/romove-na-shromazdeni-v-nachode-chceme-bezpeci-a-klid-pro-nase-deti-i-cele-mesto-nejsme-proti-ukrajincum<\/a><\/li>\n<\/ul>","protected":false},"excerpt":{"rendered":"<p>Several dozen Roma gathered on the square in N\u00e1chod on Saturday afternoon. According to representatives of the Roma association N\u00e1chod, [&hellip;]<\/p>\n","protected":false},"author":2,"featured_media":26381,"comment_status":"closed","ping_status":"closed","sticky":false,"template":"","format":"standard","meta":{"_exactmetrics_skip_tracking":false,"_exactmetrics_sitenote_active":false,"_exactmetrics_sitenote_note":"","_exactmetrics_sitenote_category":0,"fifu_image_url":"https:\/\/rroma.org\/wp-content\/uploads\/2024\/11\/1731157825_P2024110903073.jpg","fifu_image_alt":"","footnotes":""},"categories":[602,14],"tags":[657,755],"class_list":["post-25714","post","type-post","status-publish","format-standard","has-post-thumbnail","hentry","category-czech","category-news-eastern-europe","tag-attacks","tag-manifestation"],"fifu_image_url":"https:\/\/rroma.org\/wp-content\/uploads\/2024\/11\/1731157825_P2024110903073.jpg","_links":{"self":[{"href":"https:\/\/rroma.org\/fr\/wp-json\/wp\/v2\/posts\/25714","targetHints":{"allow":["GET"]}}],"collection":[{"href":"https:\/\/rroma.org\/fr\/wp-json\/wp\/v2\/posts"}],"about":[{"href":"https:\/\/rroma.org\/fr\/wp-json\/wp\/v2\/types\/post"}],"author":[{"embeddable":true,"href":"https:\/\/rroma.org\/fr\/wp-json\/wp\/v2\/users\/2"}],"replies":[{"embeddable":true,"href":"https:\/\/rroma.org\/fr\/wp-json\/wp\/v2\/comments?post=25714"}],"version-history":[{"count":1,"href":"https:\/\/rroma.org\/fr\/wp-json\/wp\/v2\/posts\/25714\/revisions"}],"predecessor-version":[{"id":25719,"href":"https:\/\/rroma.org\/fr\/wp-json\/wp\/v2\/posts\/25714\/revisions\/25719"}],"wp:featuredmedia":[{"embeddable":true,"href":"https:\/\/rroma.org\/fr\/wp-json\/wp\/v2\/media\/26381"}],"wp:attachment":[{"href":"https:\/\/rroma.org\/fr\/wp-json\/wp\/v2\/media?parent=25714"}],"wp:term":[{"taxonomy":"category","embeddable":true,"href":"https:\/\/rroma.org\/fr\/wp-json\/wp\/v2\/categories?post=25714"},{"taxonomy":"post_tag","embeddable":true,"href":"https:\/\/rroma.org\/fr\/wp-json\/wp\/v2\/tags?post=25714"}],"curies":[{"name":"wp","href":"https:\/\/api.w.org\/{rel}","templated":true}]}}