{"id":27400,"date":"2025-03-07T10:58:19","date_gmt":"2025-03-07T09:58:19","guid":{"rendered":"https:\/\/rroma.org\/?p=27400"},"modified":"2025-03-07T10:58:19","modified_gmt":"2025-03-07T09:58:19","slug":"slovakia-special-schools-2","status":"publish","type":"post","link":"https:\/\/rroma.org\/fr\/slovakia-special-schools-2\/","title":{"rendered":"Slovakia: Special Schools"},"content":{"rendered":"<p style=\"font-weight: 400;\">Public Defender of Rights (VOP) R\u00f3bert Dobrovodsk\u00fd considers the incorrect placement of children from marginalized Roma communities in the special education system to be an extremely serious violation of the right to education. According to him, this has irreversible negative consequences for their future, as well as negative consequences for society as a whole. The Ombudsman pointed this out in connection with the decision of the European Court of Human Rights (ECHR) in the case of Salay v. the Slovak Republic, in which it found a violation of the right to education and the prohibition of discrimination against a pupil of Roma origin by his placement in a special class for children with mild mental disabilities.<\/p>\n<p style=\"font-weight: 400;\">Unfortunately, placing Roma children in special schools happens still too often.<\/p>\n<ul>\n<li>Eur\u00f3psky s\u00fad pre \u013eudsk\u00e9 pr\u00e1va rozhodol, \u017ee v pr\u00edpade Salay proti Slovenskej republike, t\u00fdkaj\u00facom sa s\u0165a\u017eovate\u013ea r\u00f3mskeho p\u00f4vodu, bolo poru\u0161en\u00e9 jeho pr\u00e1vo na vzdelanie a z\u00e1kaz diskrimin\u00e1cie.\u00a0 In: Teraz. 06.03.2025. <a href=\"https:\/\/www.teraz.sk\/slovensko\/vop-nespravne-zaradovanie-romskych-d\/861689-clanok.html\">https:\/\/www.teraz.sk\/slovensko\/vop-nespravne-zaradovanie-romskych-d\/861689-clanok.html<\/a><\/li>\n<\/ul>","protected":false},"excerpt":{"rendered":"<p>Public Defender of Rights (VOP) R\u00f3bert Dobrovodsk\u00fd considers the incorrect placement of children from marginalized Roma communities in the special [&hellip;]<\/p>\n","protected":false},"author":2,"featured_media":27401,"comment_status":"closed","ping_status":"closed","sticky":false,"template":"","format":"standard","meta":{"_exactmetrics_skip_tracking":false,"_exactmetrics_sitenote_active":false,"_exactmetrics_sitenote_note":"","_exactmetrics_sitenote_category":0,"fifu_image_url":"https:\/\/rroma.org\/wp-content\/uploads\/2025\/03\/1-29266e4ce7d009b5337581bf0b981cb892dd82c5.jpg","fifu_image_alt":"","footnotes":""},"categories":[14,598],"tags":[752,649,688],"class_list":["post-27400","post","type-post","status-publish","format-standard","has-post-thumbnail","hentry","category-news-eastern-europe","category-slovakia","tag-judgement","tag-schools","tag-segregation"],"fifu_image_url":"https:\/\/rroma.org\/wp-content\/uploads\/2025\/03\/1-29266e4ce7d009b5337581bf0b981cb892dd82c5.jpg","_links":{"self":[{"href":"https:\/\/rroma.org\/fr\/wp-json\/wp\/v2\/posts\/27400","targetHints":{"allow":["GET"]}}],"collection":[{"href":"https:\/\/rroma.org\/fr\/wp-json\/wp\/v2\/posts"}],"about":[{"href":"https:\/\/rroma.org\/fr\/wp-json\/wp\/v2\/types\/post"}],"author":[{"embeddable":true,"href":"https:\/\/rroma.org\/fr\/wp-json\/wp\/v2\/users\/2"}],"replies":[{"embeddable":true,"href":"https:\/\/rroma.org\/fr\/wp-json\/wp\/v2\/comments?post=27400"}],"version-history":[{"count":1,"href":"https:\/\/rroma.org\/fr\/wp-json\/wp\/v2\/posts\/27400\/revisions"}],"predecessor-version":[{"id":27402,"href":"https:\/\/rroma.org\/fr\/wp-json\/wp\/v2\/posts\/27400\/revisions\/27402"}],"wp:featuredmedia":[{"embeddable":true,"href":"https:\/\/rroma.org\/fr\/wp-json\/wp\/v2\/media\/27401"}],"wp:attachment":[{"href":"https:\/\/rroma.org\/fr\/wp-json\/wp\/v2\/media?parent=27400"}],"wp:term":[{"taxonomy":"category","embeddable":true,"href":"https:\/\/rroma.org\/fr\/wp-json\/wp\/v2\/categories?post=27400"},{"taxonomy":"post_tag","embeddable":true,"href":"https:\/\/rroma.org\/fr\/wp-json\/wp\/v2\/tags?post=27400"}],"curies":[{"name":"wp","href":"https:\/\/api.w.org\/{rel}","templated":true}]}}