{"id":32422,"date":"2026-05-01T15:48:21","date_gmt":"2026-05-01T14:48:21","guid":{"rendered":"https:\/\/rroma.org\/?p=32422"},"modified":"2026-05-01T15:48:21","modified_gmt":"2026-05-01T14:48:21","slug":"fidesz-roma-representative","status":"publish","type":"post","link":"https:\/\/rroma.org\/fr\/fidesz-roma-representative\/","title":{"rendered":"Fidesz Roma Representative"},"content":{"rendered":"<p style=\"font-weight: 400;\">Politician and State Secretary for Roma Relations Attila Sztojka announced that he will not take up his parliamentary mandate in the new election period and will not continue as a member of the Hungarian parliament. The Fidesz politician said that he wants to return &#8220;to the field&#8221;, where he said he started in 1998.<\/p>\n<p style=\"font-weight: 400;\">In his statement, Sztojka also returned to internal conflicts. He mentioned the processes surrounding the Cig\u00e1ny K\u00f6z\u00f6ss\u00e9gek Sz\u00f6vets\u00e9ge (Federation of Roma Communities, CIK\u00d6SZ) and the National Roma Self-Government (Magyarorsz\u00e1gi Rom\u00e1nok Orsz\u00e1gos \u00d6nkorm\u00e1nyzat\u00e1nak, MRO\u00d6) in Hungary. According to him, two years ago it still seemed possible to bring change to the Roma representation, but later, according to him, the disintegration began in both the MRO\u00d6 and the CIK\u00d6SZ.<\/p>\n<p style=\"font-weight: 400;\">Both are highly controversial organisations and did not do anything for a very long time.<\/p>\n<ul>\n<li>Attila Sztojka byl zvolen, do parlamentu ale nenastoup\u00ed. Vzd\u00e1v\u00e1 se mand\u00e1tu, Rom\u016f a Romek m\u00e1 b\u00fdt mezi poslanci p\u0159esto p\u011bt. In: Romea. 30.04.2026. <a href=\"https:\/\/romea.cz\/cz\/zahranici\/romsky-politik-sztojka-attila-neprevezme-mandat-v-madarskem-parlamentu-ve-frakci-fideszu-ho-ma-nahradit-radics-bela#google_vignette\">https:\/\/romea.cz\/cz\/zahranici\/romsky-politik-sztojka-attila-neprevezme-mandat-v-madarskem-parlamentu-ve-frakci-fideszu-ho-ma-nahradit-radics-bela#google_vignette<\/a><\/li>\n<\/ul>","protected":false},"excerpt":{"rendered":"<p>Politician and State Secretary for Roma Relations Attila Sztojka announced that he will not take up his parliamentary mandate in [&hellip;]<\/p>\n","protected":false},"author":2,"featured_media":32423,"comment_status":"closed","ping_status":"closed","sticky":false,"template":"","format":"standard","meta":{"_exactmetrics_skip_tracking":false,"_exactmetrics_sitenote_active":false,"_exactmetrics_sitenote_note":"","_exactmetrics_sitenote_category":0,"fifu_image_url":"https:\/\/rroma.org\/wp-content\/uploads\/2026\/05\/sztojka.webp","fifu_image_alt":"","footnotes":""},"categories":[602,599,14],"tags":[661,91],"class_list":["post-32422","post","type-post","status-publish","format-standard","has-post-thumbnail","hentry","category-czech","category-hungary","category-news-eastern-europe","tag-elections","tag-politics"],"fifu_image_url":"https:\/\/rroma.org\/wp-content\/uploads\/2026\/05\/sztojka.webp","_links":{"self":[{"href":"https:\/\/rroma.org\/fr\/wp-json\/wp\/v2\/posts\/32422","targetHints":{"allow":["GET"]}}],"collection":[{"href":"https:\/\/rroma.org\/fr\/wp-json\/wp\/v2\/posts"}],"about":[{"href":"https:\/\/rroma.org\/fr\/wp-json\/wp\/v2\/types\/post"}],"author":[{"embeddable":true,"href":"https:\/\/rroma.org\/fr\/wp-json\/wp\/v2\/users\/2"}],"replies":[{"embeddable":true,"href":"https:\/\/rroma.org\/fr\/wp-json\/wp\/v2\/comments?post=32422"}],"version-history":[{"count":1,"href":"https:\/\/rroma.org\/fr\/wp-json\/wp\/v2\/posts\/32422\/revisions"}],"predecessor-version":[{"id":32424,"href":"https:\/\/rroma.org\/fr\/wp-json\/wp\/v2\/posts\/32422\/revisions\/32424"}],"wp:featuredmedia":[{"embeddable":true,"href":"https:\/\/rroma.org\/fr\/wp-json\/wp\/v2\/media\/32423"}],"wp:attachment":[{"href":"https:\/\/rroma.org\/fr\/wp-json\/wp\/v2\/media?parent=32422"}],"wp:term":[{"taxonomy":"category","embeddable":true,"href":"https:\/\/rroma.org\/fr\/wp-json\/wp\/v2\/categories?post=32422"},{"taxonomy":"post_tag","embeddable":true,"href":"https:\/\/rroma.org\/fr\/wp-json\/wp\/v2\/tags?post=32422"}],"curies":[{"name":"wp","href":"https:\/\/api.w.org\/{rel}","templated":true}]}}