{"id":34545,"date":"2026-08-29T16:07:21","date_gmt":"2026-08-29T15:07:21","guid":{"rendered":"https:\/\/rroma.org\/?p=34545"},"modified":"2026-08-29T16:07:21","modified_gmt":"2026-08-29T15:07:21","slug":"romni-and-activist","status":"publish","type":"post","link":"https:\/\/rroma.org\/fr\/romni-and-activist\/","title":{"rendered":"Romni and Activist"},"content":{"rendered":"<p style=\"font-weight: 400;\">The article discusses the career journey of a Romni who transitioned from sociology and human rights work to IT support and now serves as a Roma affairs officer in a local government.<\/p>\n<p style=\"font-weight: 400;\">She emphasizes the importance of her diverse educational background and experiences in both civil society and corporate environments for her current role, particularly in managing Roma-related projects and strategies.<\/p>\n<p style=\"font-weight: 400;\">The article highlights her efforts to improve Roma community engagement and support, including a Roma internship program and research on the needs of the Roma population in J\u00f3zsefv\u00e1ros.<\/p>\n<ul>\n<li>ROMA STRAT\u00c9GIA, GYAKORNOKI PROGRAM, R\u00c9SZV\u00c9TEL. In: Jozsefvaros ujsag. 28.08.2026.<a href=\"https:\/\/jozsefvarosujsag.hu\/az-it-n-nem-az-volt-hatrany-hogy-roma-vagyok-hanem-hogy-no\/\">https:\/\/jozsefvarosujsag.hu\/az-it-n-nem-az-volt-hatrany-hogy-roma-vagyok-hanem-hogy-no\/<\/a><\/li>\n<\/ul>","protected":false},"excerpt":{"rendered":"<p>The article discusses the career journey of a Romni who transitioned from sociology and human rights work to IT support [&hellip;]<\/p>\n","protected":false},"author":2,"featured_media":34546,"comment_status":"closed","ping_status":"closed","sticky":false,"template":"","format":"standard","meta":{"_exactmetrics_skip_tracking":false,"fifu_image_url":"","fifu_image_alt":"","footnotes":""},"categories":[599,14],"tags":[815],"class_list":["post-34545","post","type-post","status-publish","format-standard","has-post-thumbnail","hentry","category-hungary","category-news-eastern-europe","tag-activist"],"fifu_image_url":"https:\/\/rroma.org\/wp-content\/uploads\/2026\/08\/mm_jonijudit_kis.jpg.avif","_links":{"self":[{"href":"https:\/\/rroma.org\/fr\/wp-json\/wp\/v2\/posts\/34545","targetHints":{"allow":["GET"]}}],"collection":[{"href":"https:\/\/rroma.org\/fr\/wp-json\/wp\/v2\/posts"}],"about":[{"href":"https:\/\/rroma.org\/fr\/wp-json\/wp\/v2\/types\/post"}],"author":[{"embeddable":true,"href":"https:\/\/rroma.org\/fr\/wp-json\/wp\/v2\/users\/2"}],"replies":[{"embeddable":true,"href":"https:\/\/rroma.org\/fr\/wp-json\/wp\/v2\/comments?post=34545"}],"version-history":[{"count":1,"href":"https:\/\/rroma.org\/fr\/wp-json\/wp\/v2\/posts\/34545\/revisions"}],"predecessor-version":[{"id":34547,"href":"https:\/\/rroma.org\/fr\/wp-json\/wp\/v2\/posts\/34545\/revisions\/34547"}],"wp:featuredmedia":[{"embeddable":true,"href":"https:\/\/rroma.org\/fr\/wp-json\/wp\/v2\/media\/34546"}],"wp:attachment":[{"href":"https:\/\/rroma.org\/fr\/wp-json\/wp\/v2\/media?parent=34545"}],"wp:term":[{"taxonomy":"category","embeddable":true,"href":"https:\/\/rroma.org\/fr\/wp-json\/wp\/v2\/categories?post=34545"},{"taxonomy":"post_tag","embeddable":true,"href":"https:\/\/rroma.org\/fr\/wp-json\/wp\/v2\/tags?post=34545"}],"curies":[{"name":"wp","href":"https:\/\/api.w.org\/{rel}","templated":true}]}}