{"id":34572,"date":"2026-08-30T14:56:09","date_gmt":"2026-08-30T13:56:09","guid":{"rendered":"https:\/\/rroma.org\/?p=34572"},"modified":"2026-08-30T14:56:09","modified_gmt":"2026-08-30T13:56:09","slug":"french-chronicle-373","status":"publish","type":"post","link":"https:\/\/rroma.org\/fr\/french-chronicle-373\/","title":{"rendered":"French Chronicle \u2026"},"content":{"rendered":"<p style=\"font-weight: 400;\">The usual, unfortunately, this week in France. Fires in Roma slums in Nantes, one of which burnt several appartments; an eviction of a squatt in Marseilles; a huge dump is left after an eviction near Paris, as usual it is not said it is the Roma or simply opportunistic; and a Ceja Stoika exhibition\u2026<\/p>\n<ul>\n<li>Incendie aux Sorini\u00e8res. Le maire salue la solidarit\u00e9 et appelle \u00e0 une r\u00e9ponse collective face aux Roms. In: Hit West. 28.08.2026. <a href=\"https:\/\/hitwest.ouest-france.fr\/incendie-des-sorinieres-le-maire-salue-la-solidarite-et-appelle-a-une-reponse-collective-face-aux-roms\">https:\/\/hitwest.ouest-france.fr\/incendie-des-sorinieres-le-maire-salue-la-solidarite-et-appelle-a-une-reponse-collective-face-aux-roms<\/a><\/li>\n<li>Incendies dans des bidonvilles de l&#8217;agglom\u00e9ration de Nantes\u00a0: il faut &#8220;plus de pr\u00e9vention&#8221; pour le collectif Roms Europe. In: Ici. 27.08.2026. <a href=\"https:\/\/www.ici.fr\/emissions\/l-invite-e-d-ici-matin-ici-loire-ocean\/jeanne-gantier-representante-du-collectif-roms-europe-dans-l-agglomeration-nantaise-4065320\">https:\/\/www.ici.fr\/emissions\/l-invite-e-d-ici-matin-ici-loire-ocean\/jeanne-gantier-representante-du-collectif-roms-europe-dans-l-agglomeration-nantaise-4065320<\/a><\/li>\n<li>Un bidonville prend feu aux Sorini\u00e8res, l&#8217;incendie se propage \u00e0 un immeuble, six appartements d\u00e9truits. In: Ici. 25.08.2026. <a href=\"https:\/\/www.ici.fr\/pays-de-la-loire\/loire-atlantique-44\/les-sorinieres\/une-caravane-prend-feu-aux-sorinieres-l-incendie-se-propage-a-un-immeuble-et-40-riverains-sont-evacues-7905194\">https:\/\/www.ici.fr\/pays-de-la-loire\/loire-atlantique-44\/les-sorinieres\/une-caravane-prend-feu-aux-sorinieres-l-incendie-se-propage-a-un-immeuble-et-40-riverains-sont-evacues-7905194<\/a><\/li>\n<li>Incendie \u00e0 Nantes : un feu se d\u00e9clare dans un camp de Roms, 150 personnes \u00e9vacu\u00e9es. In: Actu Nantes. 24.08.2026. <a href=\"https:\/\/actu.fr\/pays-de-la-loire\/nantes_44109\/incendie-a-nantes-un-feu-se-declare-dans-un-camp-de-roms-150-personnes-evacuees_64697485.html\">https:\/\/actu.fr\/pays-de-la-loire\/nantes_44109\/incendie-a-nantes-un-feu-se-declare-dans-un-camp-de-roms-150-personnes-evacuees_64697485.html<\/a><\/li>\n<li>Immeuble incendi\u00e9 pr\u00e8s de Nantes\u00a0: face aux campements roms, ce maire appelle \u00e0 \u00ab\u00a0des solutions collectives\u00a0\u00bb. In: Ma Ville Ouest France. 27.08.2026. <a href=\"https:\/\/labaule.maville.com\/actu\/actudet_-immeuble-incendie-pres-de-nantes-face-aux-campements-roms-ce-maire-appelle-a-des-solutions-collectives_dep-7453667_actu.Htm\">https:\/\/labaule.maville.com\/actu\/actudet_-immeuble-incendie-pres-de-nantes-face-aux-campements-roms-ce-maire-appelle-a-des-solutions-collectives_dep-7453667_actu.Htm<\/a><\/li>\n<li>&#8220;Je n&#8217;ai plus rien&#8221;, un feu dans un camp de Roms des Sorini\u00e8res se propage \u00e0 un immeuble, plusieurs appartements compl\u00e8tement d\u00e9truits. In: FR3. 26.08.2026. <a href=\"https:\/\/france3-regions.franceinfo.fr\/pays-de-la-loire\/loire-atlantique\/nantes\/un-feu-dans-un-camp-de-roms-des-sorinieres-se-propage-a-un-immeuble-plusieurs-appartements-completement-detruits-3406547.html\">https:\/\/france3-regions.franceinfo.fr\/pays-de-la-loire\/loire-atlantique\/nantes\/un-feu-dans-un-camp-de-roms-des-sorinieres-se-propage-a-un-immeuble-plusieurs-appartements-completement-detruits-3406547.html<\/a><\/li>\n<li>&#8220;\u00c7a ne peut plus durer&#8221; : 100 caravanes s&#8217;installent sur un terrain priv\u00e9 \u00e0 Orvault, le maire demande leur expulsion. In: Ici. 24.08.2026. <a href=\"https:\/\/www.ici.fr\/pays-de-la-loire\/loire-atlantique-44\/orvault\/ca-ne-peut-plus-durer-100-caravanes-s-installent-sur-un-terrain-prive-a-orvault-le-maire-demande-leur-expulsion-7085202\">https:\/\/www.ici.fr\/pays-de-la-loire\/loire-atlantique-44\/orvault\/ca-ne-peut-plus-durer-100-caravanes-s-installent-sur-un-terrain-prive-a-orvault-le-maire-demande-leur-expulsion-7085202<\/a><\/li>\n<li>Expulsion du squat rue Busserade \u00e0 Marseille\u00a0: \u201cC\u2019est toute notre vie dans ces camions\u201d. In: Mars Actu. 25.08.2026. <a href=\"https:\/\/marsactu.fr\/expulsion-du-squat-rue-busserade-a-marseille-cest-toute-notre-vie-dans-ces-camions\/\">https:\/\/marsactu.fr\/expulsion-du-squat-rue-busserade-a-marseille-cest-toute-notre-vie-dans-ces-camions\/<\/a><\/li>\n<li>\u00c0 la Busserade les familles organisent leur d\u00e9part force. In: La Marseillaise. 25.08.2026. <a href=\"https:\/\/www.lamarseillaise.fr\/societe\/a-la-busserade-les-familles-organisent-leur-depart-force-MF20610480\">https:\/\/www.lamarseillaise.fr\/societe\/a-la-busserade-les-familles-organisent-leur-depart-force-MF20610480<\/a><\/li>\n<li>&#8220;Sans autorit\u00e9, plus rien ne tient&#8221; : apr\u00e8s l&#8217;\u00e9vacuation d&#8217;un camp de Roms, le cri d&#8217;alarme d&#8217;un maire de l&#8217;Oise. In: Actu Oise. 25.08.2026. <a href=\"https:\/\/actu.fr\/hauts-de-france\/orry-la-ville_60482\/sans-autorite-plus-rien-ne-tient-apres-l-evacuation-d-un-camp-de-roms-le-cri-d-alarme-d-un-maire-de-l-oise_64702026.html\">https:\/\/actu.fr\/hauts-de-france\/orry-la-ville_60482\/sans-autorite-plus-rien-ne-tient-apres-l-evacuation-d-un-camp-de-roms-le-cri-d-alarme-d-un-maire-de-l-oise_64702026.html<\/a><\/li>\n<li>Dans le souvenir des massacres. In: En Attendant Nadeau. 28.08.2026. <a href=\"https:\/\/www.en-attendant-nadeau.fr\/2026\/08\/28\/exposition-ceija-stojka-garder-les-yeux-ouverts\/\">https:\/\/www.en-attendant-nadeau.fr\/2026\/08\/28\/exposition-ceija-stojka-garder-les-yeux-ouverts\/<\/a><\/li>\n<\/ul>","protected":false},"excerpt":{"rendered":"<p>The usual, unfortunately, this week in France. Fires in Roma slums in Nantes, one of which burnt several appartments; an [&hellip;]<\/p>\n","protected":false},"author":2,"featured_media":34573,"comment_status":"closed","ping_status":"closed","sticky":false,"template":"","format":"standard","meta":{"_exactmetrics_skip_tracking":false,"fifu_image_url":"","fifu_image_alt":"","footnotes":""},"categories":[596,15],"tags":[],"class_list":["post-34572","post","type-post","status-publish","format-standard","has-post-thumbnail","hentry","category-france","category-news-western-europe"],"fifu_image_url":"https:\/\/rroma.org\/wp-content\/uploads\/2026\/08\/Ceija-Stojka-SS.-Es-ist-das-was-du-denkst-SS.-Cest-bien-ce-a-quoi-tu-penses-7-juillet-2001-scaled.jpg-scaled.webp","_links":{"self":[{"href":"https:\/\/rroma.org\/fr\/wp-json\/wp\/v2\/posts\/34572","targetHints":{"allow":["GET"]}}],"collection":[{"href":"https:\/\/rroma.org\/fr\/wp-json\/wp\/v2\/posts"}],"about":[{"href":"https:\/\/rroma.org\/fr\/wp-json\/wp\/v2\/types\/post"}],"author":[{"embeddable":true,"href":"https:\/\/rroma.org\/fr\/wp-json\/wp\/v2\/users\/2"}],"replies":[{"embeddable":true,"href":"https:\/\/rroma.org\/fr\/wp-json\/wp\/v2\/comments?post=34572"}],"version-history":[{"count":1,"href":"https:\/\/rroma.org\/fr\/wp-json\/wp\/v2\/posts\/34572\/revisions"}],"predecessor-version":[{"id":34574,"href":"https:\/\/rroma.org\/fr\/wp-json\/wp\/v2\/posts\/34572\/revisions\/34574"}],"wp:featuredmedia":[{"embeddable":true,"href":"https:\/\/rroma.org\/fr\/wp-json\/wp\/v2\/media\/34573"}],"wp:attachment":[{"href":"https:\/\/rroma.org\/fr\/wp-json\/wp\/v2\/media?parent=34572"}],"wp:term":[{"taxonomy":"category","embeddable":true,"href":"https:\/\/rroma.org\/fr\/wp-json\/wp\/v2\/categories?post=34572"},{"taxonomy":"post_tag","embeddable":true,"href":"https:\/\/rroma.org\/fr\/wp-json\/wp\/v2\/tags?post=34572"}],"curies":[{"name":"wp","href":"https:\/\/api.w.org\/{rel}","templated":true}]}}